{"id":545,"date":"2022-02-25T19:00:00","date_gmt":"2022-02-25T17:00:00","guid":{"rendered":"https:\/\/rys-nocnymaraton.pl\/wp\/?p=545"},"modified":"2023-04-21T23:47:29","modified_gmt":"2023-04-21T21:47:29","slug":"komunikat-startowy-2","status":"publish","type":"post","link":"https:\/\/rys-nocnyrajd.pl\/?p=545","title":{"rendered":"Komunikat Startowy"},"content":{"rendered":"\n<p>Zarz\u0105d Terenowy NSZZFiPW przy Zak\u0142adzie Karnym nr 2 we Wroc\u0142awiu, funkcjonariusze Zak\u0142adu Karnego nr 2 we Wroc\u0142awiu, Gminny O\u015brodek Kultury i Sportu w K\u0105tach Wroc\u0142awskich oraz cz\u0142onkowie grupy Semper Parati serdecznie zapraszaj\u0105 na X edycj\u0119 \u201eRYSIA\u201d. Uczestnicy po raz kolejny b\u0119d\u0105 mieli okazj\u0119 zmierzy\u0107 si\u0119 ze swoimi s\u0142abo\u015bciami oraz sprawdzi\u0107 granice w\u0142asnej wytrzyma\u0142o\u015bci.<\/p>\n\n\n\n<p>Na trasie d\u0142ugo\u015bci zbli\u017conej do biegu marato\u0144skiego Uczestnicy b\u0119d\u0105 musieli wykaza\u0107 si\u0119 rozlicznymi talentami i umiej\u0119tno\u015bciami, kt\u00f3re zostan\u0105 poddane pr\u00f3bie na ukrytych punktach kontrolnych. Szczeg\u00f3lnie przydatna b\u0119dzie bieg\u0142o\u015b\u0107 w pos\u0142ugiwaniu si\u0119 kompasem i map\u0105, poniewa\u017c ka\u017cda dru\u017cyna samodzielnie wyznacza sobie tras\u0119 pomi\u0119dzy poszczeg\u00f3lnymi punktami kontrolnymi.<\/p>\n\n\n\n<p>Pi\u0119kne okoliczno\u015bci przyrody, duch zdrowej, sportowej rywalizacji, wsp\u00f3\u0142dzia\u0142anie i wzajemne wsparcie ze strony cz\u0142onk\u00f3w dru\u017cyny sprawi, \u017ce \u201eRY\u015a\u201d b\u0119dzie jednym z bardziej zapadaj\u0105cych w pami\u0119\u0107 wydarze\u0144. Zwyci\u0119zcami imprezy b\u0119d\u0105 wszyscy, kt\u00f3rzy odwa\u017c\u0105 si\u0119 wzi\u0105\u0107 w niej udzia\u0142 &#8211; nikt nie pozostanie przegrany. Dodatkowo ka\u017cdy Uczestnik, kt\u00f3ry wystartuje w \u201ebiegu po \u0142ap\u0119 rysia\u201d i zaliczy przynajmniej dwa punkty kontrolne, we\u017amie udzia\u0142 w losowaniu nagr\u00f3d. W tym roku ch\u0119tni po raz kolejny b\u0119d\u0105 mogli zg\u0142osi\u0107 sw\u00f3j udzia\u0142 w trasie rowerowej.<\/p>\n\n\n\n<p>Maraton odb\u0119dzie si\u0119 w godzinach nocnych (start imprezy zaplanowano na godzin\u0119 19.00) z 11 na 12 czerwca 2022 r., na rozleg\u0142ym terenie wok\u00f3\u0142 K\u0105t\u00f3w Wroc\u0142awskich (dok\u0142adne miejsce rozpocz\u0119cia imprezy zostanie podane w harmonogramie).&nbsp;<strong>Do udzia\u0142u w imprezie mo\u017cna zg\u0142asza\u0107 zespo\u0142y 3\u20135-osobowe, za po\u015brednictwem odpowiedniego dla rodzaju trasy formularza zg\u0142oszeniowego, kt\u00f3ry zostanie uruchomiony na stronie internetowej i na fanpage\u2019u RYSIA w dniu 1 marca 2022 r. Zg\u0142oszenia przyjmowane b\u0119d\u0105 do godz. 23:59 dnia 1 czerwca 2022 r. Wpisowe nale\u017cy przes\u0142a\u0107 przelewem grupowym za ca\u0142\u0105 dru\u017cyn\u0119 najp\u00f3\u017aniej do dnia 1 czerwca 2022 r.<\/strong>&nbsp;Dane do przelewu znajduj\u0105 si\u0119 poni\u017cej:<br>Nr rachunku: 26 1050 1575 1000 0097 3465 3497<br>Nazwa odbiorcy: Nocny Maraton RY\u015a<br>Tytu\u0142 przelewu: RY\u015a 2022, (nazwa dru\u017cyny)<\/p>\n\n\n\n<p>Kwota wpisowego uzale\u017cniona jest od terminu p\u0142atno\u015bci i wynosi:<\/p>\n\n\n\n<p>\u2022&nbsp;&nbsp;75 z\u0142\/os. \u2013 w przypadku p\u0142atno\u015bci w okresie od 1 marca do 1 kwietnia 2022 r.,<\/p>\n\n\n\n<p>\u2022&nbsp;&nbsp;90 z\u0142\/os. \u2013 w przypadku p\u0142atno\u015bci w okresie od 2 kwietnia do 1 czerwca 2022 r.<\/p>\n\n\n\n<p>Szczeg\u00f3\u0142owe informacje mo\u017cna uzyska\u0107 pod numerami telefon\u00f3w: Piotr &#8211; 607 483 725, Pawe\u0142 &#8211; 605 033 683, Patryk &#8211; 607 161 214. Regulamin Maratonu znajduje si\u0119 na stronie&nbsp;<a href=\"http:\/\/www.rys-nocnyrajd.pl\/\">www.rys-nocnyrajd.pl<\/a>, a jego ostateczna wersja zostanie opublikowana 6 czerwca 2022 r.<\/p>\n","protected":false},"excerpt":{"rendered":"<p>Zarz\u0105d Terenowy NSZZFiPW przy Zak\u0142adzie Karnym nr 2 we Wroc\u0142awiu, funkcjonariusze Zak\u0142adu Karnego nr 2 we Wroc\u0142awiu, Gminny O\u015brodek Kultury i Sportu w K\u0105tach Wroc\u0142awskich oraz cz\u0142onkowie grupy Semper Parati serdecznie zapraszaj\u0105 na X edycj\u0119 \u201eRYSIA\u201d. Uczestnicy po raz kolejny b\u0119d\u0105 mieli okazj\u0119 zmierzy\u0107 si\u0119 ze swoimi s\u0142abo\u015bciami oraz sprawdzi\u0107 granice w\u0142asnej wytrzyma\u0142o\u015bci.<a href=\"https:\/\/rys-nocnyrajd.pl\/?p=545\" class=\"more-link\"><span class=\"more-button\"><span class=\"screen-reader-text\">Komunikat Startowy<\/span><\/span><\/a><\/p>\n","protected":false},"author":1,"featured_media":170,"comment_status":"closed","ping_status":"open","sticky":false,"template":"","format":"standard","meta":{"footnotes":""},"categories":[38],"tags":[],"class_list":["post-545","post","type-post","status-publish","format-standard","has-post-thumbnail","hentry","category-edycja-10"],"_links":{"self":[{"href":"https:\/\/rys-nocnyrajd.pl\/index.php?rest_route=\/wp\/v2\/posts\/545","targetHints":{"allow":["GET"]}}],"collection":[{"href":"https:\/\/rys-nocnyrajd.pl\/index.php?rest_route=\/wp\/v2\/posts"}],"about":[{"href":"https:\/\/rys-nocnyrajd.pl\/index.php?rest_route=\/wp\/v2\/types\/post"}],"author":[{"embeddable":true,"href":"https:\/\/rys-nocnyrajd.pl\/index.php?rest_route=\/wp\/v2\/users\/1"}],"replies":[{"embeddable":true,"href":"https:\/\/rys-nocnyrajd.pl\/index.php?rest_route=%2Fwp%2Fv2%2Fcomments&post=545"}],"version-history":[{"count":1,"href":"https:\/\/rys-nocnyrajd.pl\/index.php?rest_route=\/wp\/v2\/posts\/545\/revisions"}],"predecessor-version":[{"id":546,"href":"https:\/\/rys-nocnyrajd.pl\/index.php?rest_route=\/wp\/v2\/posts\/545\/revisions\/546"}],"wp:featuredmedia":[{"embeddable":true,"href":"https:\/\/rys-nocnyrajd.pl\/index.php?rest_route=\/wp\/v2\/media\/170"}],"wp:attachment":[{"href":"https:\/\/rys-nocnyrajd.pl\/index.php?rest_route=%2Fwp%2Fv2%2Fmedia&parent=545"}],"wp:term":[{"taxonomy":"category","embeddable":true,"href":"https:\/\/rys-nocnyrajd.pl\/index.php?rest_route=%2Fwp%2Fv2%2Fcategories&post=545"},{"taxonomy":"post_tag","embeddable":true,"href":"https:\/\/rys-nocnyrajd.pl\/index.php?rest_route=%2Fwp%2Fv2%2Ftags&post=545"}],"curies":[{"name":"wp","href":"https:\/\/api.w.org\/{rel}","templated":true}]}}